{"id":3519,"date":"2022-05-11T09:26:05","date_gmt":"2022-05-11T09:26:05","guid":{"rendered":"https:\/\/kninsesi.com\/?p=3519"},"modified":"2023-06-22T12:31:48","modified_gmt":"2023-06-22T12:31:48","slug":"3-sezon-5-sohbet-tam-iffetli-olacagim-asli-ildir-ile-sinemada-suc-noir-ve-femme-fetale","status":"publish","type":"post","link":"https:\/\/kninsesi.com\/en\/3-sezon-5-sohbet-tam-iffetli-olacagim-asli-ildir-ile-sinemada-suc-noir-ve-femme-fetale\/","title":{"rendered":"3. Sezon 5. Sohbet: &#8220;Tam \u0130ffetli Olaca\u011f\u0131m&#8230;: Asl\u0131 Ild\u0131r ile Sinemada Su\u00e7, Noir ve Femme Fetale&#8221;"},"content":{"rendered":"<p><iframe src=\"https:\/\/anchor.fm\/knin-sesi\/embed\/episodes\/3--Sezon-5--Sohbet-Tam-ffetli-Olacam----Asl-Ildr-ile-Sinemada-Su--Noir-ve-Femme-Fetale-e1icckr\" width=\"400px\" height=\"102px\" frameborder=\"0\" scrolling=\"no\"><\/iframe><\/p>\n<p>B\u00f6l\u00fcm\u00fc Podcast Platformlar\u0131ndan Dinlemek \u0130\u00e7in:<\/p>\n<ul>\n<li><a href=\"https:\/\/open.spotify.com\/episode\/6ULsoG2j3Hv0RpHh1wg3KY?si=MprVWPltQs-_9Ne_eHXnIg\" target=\"_blank\" rel=\"noopener\"><br \/>\nSpotify <\/a><\/li>\n<li><a href=\"https:\/\/podcasts.apple.com\/us\/podcast\/kn%C4%B1n-sesi\/id1519440396?uo=4\" target=\"_blank\" rel=\"noopener\"><br \/>\nApple Podcast <\/a><\/li>\n<li><a href=\"https:\/\/deezer.page.link\/pYLGP5BSNHD5YqJa7\"><br \/>\nDeezer <\/a><\/li>\n<\/ul>\n<p>Su\u00e7 temal\u0131 sezonumuzun bu b\u00f6l\u00fcm\u00fcnde su\u00e7un kurmacada nas\u0131l ele al\u0131nd\u0131\u011f\u0131n\u0131 konu\u015ftuk. Su\u00e7 temas\u0131n\u0131n edebiyatta, sinemada, televizyonda \u00fcretilen eserlere nas\u0131l ilham verdi\u011fini tart\u0131\u015f\u0131rken \u201ckad\u0131nlar ve kuirler bu i\u015fin neresinde\u201d sorusunu sorduk <a href=\"https:\/\/www.travisdmathews.com\/hentbol-oyun-kurallari\/\">travisdmathews.com<\/a>. Bu sorununun pe\u015finden giderken sinemay\u0131 ve televizyonu merkezimize koyduk ve konuyu sinema ele\u015ftirmeni Asl\u0131 Ild\u0131r ile beraber ele ald\u0131k.<\/p>\n<p>S\u00f6yle\u015fi:\u00a0Beril Sar\u0131altun, Duygu Dalyano\u011flu<\/p>\n<p>Edit\u00f6r: Duygu Dalyano\u011flu<\/p>\n<p>M\u00fczik, Ses Kurgu ve Miks: Beril Sar\u0131altun<\/p>\n<p>Proje Asistan\u0131:\u00a0Beg\u00fcm \u015eeng\u00fcl<\/p>\n<p>Kay\u0131t St\u00fcdyosu:\u00a0Postane St\u00fcdyo<\/p>\n<p>G\u00f6rsel Tasar\u0131m ve Uygulama:\u00a0Dilek \u015eeny\u00fcrek<\/p>\n<p>\u0130leti\u015fim Koordinat\u00f6r\u00fc: Nihal Albayrak<\/p>\n<p>B\u00f6l\u00fcmde bahsi ge\u00e7en film ve diziler:<br \/>\n<i data-stringify-type=\"italic\">Double Indemnity\u00a0<\/i>(\u00c7ifte Tazminat), 1944<br \/>\n<i data-stringify-type=\"italic\">Cristopher Strong<\/i>, 1933<br \/>\n<i data-stringify-type=\"italic\">Promising Young Woman<\/i>\u00a0(Yetenekli Gen\u00e7 Kad\u0131n), 2020<br \/>\n<i data-stringify-type=\"italic\">Mare of Easttown<\/i>, 2021<br \/>\n<i data-stringify-type=\"italic\">Behzat \u00c7<\/i>., 2010<br \/>\n<i data-stringify-type=\"italic\">\u015eahsiyet<\/i>, 2018<br \/>\n<i data-stringify-type=\"italic\">Yarg\u0131<\/i>, 2021<\/p>\n<p>*Bu b\u00f6l\u00fcm Avrupa Birli\u011fi Sivil D\u00fc\u015f\u00fcn Program\u0131 kapsam\u0131nda Avrupa Birli\u011fi deste\u011fi ile haz\u0131rlanm\u0131\u015ft\u0131r. \u0130\u00e7eri\u011fin sorumlulu\u011fu tamam\u0131yla K\u2019n\u0131n Sesi\u2019ne aittir ve AB\u2019nin g\u00f6r\u00fc\u015flerini yans\u0131tmamaktad\u0131r.<\/p>\n<p><a tabindex=\"-1\" href=\"http:\/\/instagram.com\/knin_sesi\" target=\"_blank\" rel=\"noopener noreferrer\" data-stringify-link=\"http:\/\/instagram.com\/knin_sesi\" data-sk=\"tooltip_parent\" data-remove-tab-index=\"true\">instagram.com\/knin_sesi<\/a><br \/>\n<a tabindex=\"-1\" href=\"http:\/\/facebook.com\/kninsesi\" target=\"_blank\" rel=\"noopener noreferrer\" data-stringify-link=\"http:\/\/facebook.com\/kninsesi\" data-sk=\"tooltip_parent\" data-remove-tab-index=\"true\">facebook.com\/kninsesi<\/a><br \/>\n<a tabindex=\"-1\" href=\"http:\/\/twitter.com\/kninsesipodcast\" target=\"_blank\" rel=\"noopener noreferrer\" data-stringify-link=\"http:\/\/twitter.com\/kninsesipodcast\" data-sk=\"tooltip_parent\" data-remove-tab-index=\"true\">twitter.com\/kninsesipodcast<\/a><br \/>\n<a tabindex=\"-1\" href=\"https:\/\/kninsesi.com\/en\/\" target=\"_blank\" rel=\"noopener noreferrer\" data-stringify-link=\"http:\/\/www.kninsesi.com\" data-sk=\"tooltip_parent\" data-remove-tab-index=\"true\">www.kninsesi.com<\/a><\/p>\n<p>Yeni b\u00f6l\u00fcmlerden ve \u00f6zel i\u00e7eriklerimizden haberdar olmak i\u00e7in ileti\u015fim listemize kaydolun:\u00a0<a tabindex=\"-1\" href=\"https:\/\/kninsesi.com\/en\/bultene-uye-olun\/\" target=\"_blank\" rel=\"noopener noreferrer\" data-stringify-link=\"https:\/\/kninsesi.com\/bultene-uye-olun\/\" data-sk=\"tooltip_parent\" data-remove-tab-index=\"true\">https:\/\/kninsesi.com\/bultene-uye-olun\/<\/a><\/p>\n<p>Share on facebook<br \/>\nShare on twitter<br \/>\nShare on linkedin<br \/>\nShare on whatsapp<br \/>\nShare on telegram<br \/>\nShare on email<\/p>","protected":false},"excerpt":{"rendered":"<p>B\u00f6l\u00fcm\u00fc Podcast Platformlar\u0131ndan Dinlemek \u0130\u00e7in: Spotify Apple Podcast Deezer Su\u00e7 temal\u0131 sezonumuzun bu b\u00f6l\u00fcm\u00fcnde su\u00e7un kurmacada nas\u0131l ele al\u0131nd\u0131\u011f\u0131n\u0131 konu\u015ftuk. Su\u00e7 temas\u0131n\u0131n edebiyatta, sinemada, televizyonda \u00fcretilen eserlere nas\u0131l ilham verdi\u011fini tart\u0131\u015f\u0131rken \u201ckad\u0131nlar ve kuirler bu i\u015fin neresinde\u201d sorusunu sorduk travisdmathews.com. Bu sorununun pe\u015finden giderken sinemay\u0131 ve televizyonu merkezimize koyduk ve konuyu sinema ele\u015ftirmeni Asl\u0131 Ild\u0131r&#8230;<\/p>","protected":false},"author":3,"featured_media":3537,"comment_status":"closed","ping_status":"closed","sticky":false,"template":"elementor_header_footer","format":"standard","meta":{"episode_type":"audio","audio_file":"","cover_image":"","cover_image_id":"","duration":"","filesize":"","date_recorded":"","explicit":"","block":"","filesize_raw":""},"categories":[36],"tags":[164,87,29,165,166,26,38,16,119,49,151],"series":[34],"episode_featured_image":"https:\/\/kninsesi.com\/wp-content\/uploads\/2022\/05\/Asli-ildir-scaled.jpg","episode_player_image":"https:\/\/kninsesi.com\/wp-content\/plugins\/seriously-simple-podcasting\/assets\/images\/no-album-art.png","download_link":false,"player_link":false,"audio_player":false,"episode_data":{"playerMode":"dark","subscribeUrls":{"anchor":{"key":"anchor","url":"https:\/\/anchor.fm\/knin-sesi","label":"Anchor","class":"anchor","icon":"anchor.png"},"apple_podcasts":{"key":"apple_podcasts","url":"https:\/\/podcasts.apple.com\/us\/podcast\/kn%C4%B1n-sesi\/id1519440396","label":"Apple Podcasts","class":"apple_podcasts","icon":"apple-podcasts.png"},"deezer":{"key":"deezer","url":"https:\/\/www.deezer.com\/tr\/show\/2368672","label":"Deezer","class":"deezer","icon":"deezer.png"},"google_podcasts":{"key":"google_podcasts","url":"https:\/\/podcasts.google.com\/feed\/aHR0cHM6Ly9hbmNob3IuZm0vcy8yNmQ4MmRjNC9wb2RjYXN0L3Jzcw==","label":"Google Podcasts","class":"google_podcasts","icon":"google-podcasts.png"},"rss":{"key":"rss","url":"https:\/\/anchor.fm\/s\/26d82dc4\/podcast\/rss","label":"RSS","class":"rss","icon":"rss.png"},"spotify":{"key":"spotify","url":"https:\/\/open.spotify.com\/show\/0MKneITVib6WJeCCVurWmW?si=D6BkmaR7SEC9ZThn4MHyvA","label":"Spotify","class":"spotify","icon":"spotify.png"}},"rssFeedUrl":"https:\/\/kninsesi.com\/en\/feed\/podcast\/soylesiler","embedCode":"<blockquote class=\"wp-embedded-content\"><a href=\"https:\/\/kninsesi.com\/en\/3-sezon-5-sohbet-tam-iffetli-olacagim-asli-ildir-ile-sinemada-suc-noir-ve-femme-fetale\/\">3. Sezon 5. Sohbet: &#8220;Tam \u0130ffetli Olaca\u011f\u0131m&#8230;: Asl\u0131 Ild\u0131r ile Sinemada Su\u00e7, Noir ve Femme Fetale&#8221;<\/a><\/blockquote>\n<script type='text\/javascript'>\n<!--\/\/--><![CDATA[\/\/><!--\n\t\t\/*! This file is auto-generated *\/\n\t\t!function(c,d){\"use strict\";var e=!1,n=!1;if(d.querySelector)if(c.addEventListener)e=!0;if(c.wp=c.wp||{},!c.wp.receiveEmbedMessage)if(c.wp.receiveEmbedMessage=function(e){var t=e.data;if(t)if(t.secret||t.message||t.value)if(!\/[^a-zA-Z0-9]\/.test(t.secret)){for(var r,a,i,s=d.querySelectorAll('iframe[data-secret=\"'+t.secret+'\"]'),n=d.querySelectorAll('blockquote[data-secret=\"'+t.secret+'\"]'),o=0;o<n.length;o++)n[o].style.display=\"none\";for(o=0;o<s.length;o++)if(r=s[o],e.source===r.contentWindow){if(r.removeAttribute(\"style\"),\"height\"===t.message){if(1e3<(i=parseInt(t.value,10)))i=1e3;else if(~~i<200)i=200;r.height=i}if(\"link\"===t.message)if(a=d.createElement(\"a\"),i=d.createElement(\"a\"),a.href=r.getAttribute(\"src\"),i.href=t.value,i.host===a.host)if(d.activeElement===r)c.top.location.href=t.value}}},e)c.addEventListener(\"message\",c.wp.receiveEmbedMessage,!1),d.addEventListener(\"DOMContentLoaded\",t,!1),c.addEventListener(\"load\",t,!1);function t(){if(!n){n=!0;for(var e,t,r=-1!==navigator.appVersion.indexOf(\"MSIE 10\"),a=!!navigator.userAgent.match(\/Trident.*rv:11\\.\/),i=d.querySelectorAll(\"iframe.wp-embedded-content\"),s=0;s<i.length;s++){if(!(e=i[s]).getAttribute(\"data-secret\"))t=Math.random().toString(36).substr(2,10),e.src+=\"#?secret=\"+t,e.setAttribute(\"data-secret\",t);if(r||a)(t=e.cloneNode(!0)).removeAttribute(\"security\"),e.parentNode.replaceChild(t,e)}}}}(window,document);\n\/\/--><!]]>\n<\/script><iframe sandbox=\"allow-scripts\" security=\"restricted\" src=\"https:\/\/kninsesi.com\/en\/3-sezon-5-sohbet-tam-iffetli-olacagim-asli-ildir-ile-sinemada-suc-noir-ve-femme-fetale\/embed\/\" width=\"500\" height=\"350\" title=\"&#8220;3. Sezon 5. Sohbet: &#8220;Tam \u0130ffetli Olaca\u011f\u0131m&#8230;: Asl\u0131 Ild\u0131r ile Sinemada Su\u00e7, Noir ve Femme Fetale&#8221;&#8221; &#8212; K&#039;n\u0131n Sesi Podcast\" frameborder=\"0\" marginwidth=\"0\" marginheight=\"0\" scrolling=\"no\" class=\"wp-embedded-content\"><\/iframe>"},"yoast_head":"<!-- This site is optimized with the Yoast SEO plugin v17.6 - https:\/\/yoast.com\/wordpress\/plugins\/seo\/ -->\n<title>3. Sezon 5. Sohbet: &quot;Tam \u0130ffetli Olaca\u011f\u0131m...: Asl\u0131 Ild\u0131r ile Sinemada Su\u00e7, Noir ve Femme Fetale&quot; &middot; K&#039;n\u0131n Sesi Podcast<\/title>\n<meta name=\"robots\" content=\"index, follow, max-snippet:-1, max-image-preview:large, max-video-preview:-1\" \/>\n<link rel=\"canonical\" href=\"https:\/\/kninsesi.com\/en\/3-sezon-5-sohbet-tam-iffetli-olacagim-asli-ildir-ile-sinemada-suc-noir-ve-femme-fetale\/\" \/>\n<meta property=\"og:locale\" content=\"en_US\" \/>\n<meta property=\"og:type\" content=\"article\" \/>\n<meta property=\"og:title\" content=\"3. Sezon 5. Sohbet: &quot;Tam \u0130ffetli Olaca\u011f\u0131m...: Asl\u0131 Ild\u0131r ile Sinemada Su\u00e7, Noir ve Femme Fetale&quot; &middot; K&#039;n\u0131n Sesi Podcast\" \/>\n<meta property=\"og:description\" content=\"B\u00f6l\u00fcm\u00fc Podcast Platformlar\u0131ndan Dinlemek \u0130\u00e7in: Spotify Apple Podcast Deezer Su\u00e7 temal\u0131 sezonumuzun bu b\u00f6l\u00fcm\u00fcnde su\u00e7un kurmacada nas\u0131l ele al\u0131nd\u0131\u011f\u0131n\u0131 konu\u015ftuk. Su\u00e7 temas\u0131n\u0131n edebiyatta, sinemada, televizyonda \u00fcretilen eserlere nas\u0131l ilham verdi\u011fini tart\u0131\u015f\u0131rken \u201ckad\u0131nlar ve kuirler bu i\u015fin neresinde\u201d sorusunu sorduk travisdmathews.com. Bu sorununun pe\u015finden giderken sinemay\u0131 ve televizyonu merkezimize koyduk ve konuyu sinema ele\u015ftirmeni Asl\u0131 Ild\u0131r...\" \/>\n<meta property=\"og:url\" content=\"https:\/\/kninsesi.com\/en\/3-sezon-5-sohbet-tam-iffetli-olacagim-asli-ildir-ile-sinemada-suc-noir-ve-femme-fetale\/\" \/>\n<meta property=\"og:site_name\" content=\"K&#039;n\u0131n Sesi Podcast\" \/>\n<meta property=\"article:publisher\" content=\"https:\/\/www.facebook.com\/kninsesi\" \/>\n<meta property=\"article:published_time\" content=\"2022-05-11T09:26:05+00:00\" \/>\n<meta property=\"article:modified_time\" content=\"2023-06-22T12:31:48+00:00\" \/>\n<meta property=\"og:image\" content=\"https:\/\/kninsesi.com\/wp-content\/uploads\/2022\/05\/Asli-ildir-scaled.jpg\" \/>\n\t<meta property=\"og:image:width\" content=\"2560\" \/>\n\t<meta property=\"og:image:height\" content=\"2560\" \/>\n<meta name=\"twitter:card\" content=\"summary_large_image\" \/>\n<meta name=\"twitter:creator\" content=\"@kninsesipodcast\" \/>\n<meta name=\"twitter:site\" content=\"@kninsesipodcast\" \/>\n<meta name=\"twitter:label1\" content=\"Written by\" \/>\n\t<meta name=\"twitter:data1\" content=\"begum\" \/>\n\t<meta name=\"twitter:label2\" content=\"Est. reading time\" \/>\n\t<meta name=\"twitter:data2\" content=\"1 minute\" \/>\n<script type=\"application\/ld+json\" class=\"yoast-schema-graph\">{\"@context\":\"https:\/\/schema.org\",\"@graph\":[{\"@type\":\"Organization\",\"@id\":\"https:\/\/kninsesi.com\/#organization\",\"name\":\"K'n\\u0131n Sesi Podcast\",\"url\":\"https:\/\/kninsesi.com\/\",\"sameAs\":[\"https:\/\/www.facebook.com\/kninsesi\",\"https:\/\/www.instagram.com\/knin_sesi\/\",\"https:\/\/twitter.com\/kninsesipodcast\"],\"logo\":{\"@type\":\"ImageObject\",\"@id\":\"https:\/\/kninsesi.com\/#logo\",\"inLanguage\":\"en-US\",\"url\":\"https:\/\/kninsesi.com\/wp-content\/uploads\/2021\/03\/6417017-1615472975336-2920d42c19152-7-scaled.jpg\",\"contentUrl\":\"https:\/\/kninsesi.com\/wp-content\/uploads\/2021\/03\/6417017-1615472975336-2920d42c19152-7-scaled.jpg\",\"width\":2560,\"height\":2560,\"caption\":\"K'n\\u0131n Sesi Podcast\"},\"image\":{\"@id\":\"https:\/\/kninsesi.com\/#logo\"}},{\"@type\":\"WebSite\",\"@id\":\"https:\/\/kninsesi.com\/#website\",\"url\":\"https:\/\/kninsesi.com\/\",\"name\":\"K&#039;n\\u0131n Sesi Podcast\",\"description\":\"\",\"publisher\":{\"@id\":\"https:\/\/kninsesi.com\/#organization\"},\"potentialAction\":[{\"@type\":\"SearchAction\",\"target\":{\"@type\":\"EntryPoint\",\"urlTemplate\":\"https:\/\/kninsesi.com\/?s={search_term_string}\"},\"query-input\":\"required name=search_term_string\"}],\"inLanguage\":\"en-US\"},{\"@type\":\"ImageObject\",\"@id\":\"https:\/\/kninsesi.com\/3-sezon-5-sohbet-tam-iffetli-olacagim-asli-ildir-ile-sinemada-suc-noir-ve-femme-fetale\/#primaryimage\",\"inLanguage\":\"en-US\",\"url\":\"https:\/\/kninsesi.com\/wp-content\/uploads\/2022\/05\/Asli-ildir-scaled.jpg\",\"contentUrl\":\"https:\/\/kninsesi.com\/wp-content\/uploads\/2022\/05\/Asli-ildir-scaled.jpg\",\"width\":2560,\"height\":2560},{\"@type\":\"WebPage\",\"@id\":\"https:\/\/kninsesi.com\/3-sezon-5-sohbet-tam-iffetli-olacagim-asli-ildir-ile-sinemada-suc-noir-ve-femme-fetale\/#webpage\",\"url\":\"https:\/\/kninsesi.com\/3-sezon-5-sohbet-tam-iffetli-olacagim-asli-ildir-ile-sinemada-suc-noir-ve-femme-fetale\/\",\"name\":\"3. Sezon 5. Sohbet: \\\"Tam \\u0130ffetli Olaca\\u011f\\u0131m...: Asl\\u0131 Ild\\u0131r ile Sinemada Su\\u00e7, Noir ve Femme Fetale\\\" &middot; K&#039;n\\u0131n Sesi Podcast\",\"isPartOf\":{\"@id\":\"https:\/\/kninsesi.com\/#website\"},\"primaryImageOfPage\":{\"@id\":\"https:\/\/kninsesi.com\/3-sezon-5-sohbet-tam-iffetli-olacagim-asli-ildir-ile-sinemada-suc-noir-ve-femme-fetale\/#primaryimage\"},\"datePublished\":\"2022-05-11T09:26:05+00:00\",\"dateModified\":\"2023-06-22T12:31:48+00:00\",\"breadcrumb\":{\"@id\":\"https:\/\/kninsesi.com\/3-sezon-5-sohbet-tam-iffetli-olacagim-asli-ildir-ile-sinemada-suc-noir-ve-femme-fetale\/#breadcrumb\"},\"inLanguage\":\"en-US\",\"potentialAction\":[{\"@type\":\"ReadAction\",\"target\":[\"https:\/\/kninsesi.com\/3-sezon-5-sohbet-tam-iffetli-olacagim-asli-ildir-ile-sinemada-suc-noir-ve-femme-fetale\/\"]}]},{\"@type\":\"BreadcrumbList\",\"@id\":\"https:\/\/kninsesi.com\/3-sezon-5-sohbet-tam-iffetli-olacagim-asli-ildir-ile-sinemada-suc-noir-ve-femme-fetale\/#breadcrumb\",\"itemListElement\":[{\"@type\":\"ListItem\",\"position\":1,\"name\":\"Home\",\"item\":\"https:\/\/kninsesi.com\/\"},{\"@type\":\"ListItem\",\"position\":2,\"name\":\"3. Sezon 5. Sohbet: &#8220;Tam \\u0130ffetli Olaca\\u011f\\u0131m&#8230;: Asl\\u0131 Ild\\u0131r ile Sinemada Su\\u00e7, Noir ve Femme Fetale&#8221;\"}]},{\"@type\":\"Article\",\"@id\":\"https:\/\/kninsesi.com\/3-sezon-5-sohbet-tam-iffetli-olacagim-asli-ildir-ile-sinemada-suc-noir-ve-femme-fetale\/#article\",\"isPartOf\":{\"@id\":\"https:\/\/kninsesi.com\/3-sezon-5-sohbet-tam-iffetli-olacagim-asli-ildir-ile-sinemada-suc-noir-ve-femme-fetale\/#webpage\"},\"author\":{\"@id\":\"https:\/\/kninsesi.com\/#\/schema\/person\/ea805f3fd9f03cdaf3d5c975637c30ba\"},\"headline\":\"3. Sezon 5. Sohbet: &#8220;Tam \\u0130ffetli Olaca\\u011f\\u0131m&#8230;: Asl\\u0131 Ild\\u0131r ile Sinemada Su\\u00e7, Noir ve Femme Fetale&#8221;\",\"datePublished\":\"2022-05-11T09:26:05+00:00\",\"dateModified\":\"2023-06-22T12:31:48+00:00\",\"mainEntityOfPage\":{\"@id\":\"https:\/\/kninsesi.com\/3-sezon-5-sohbet-tam-iffetli-olacagim-asli-ildir-ile-sinemada-suc-noir-ve-femme-fetale\/#webpage\"},\"wordCount\":272,\"publisher\":{\"@id\":\"https:\/\/kninsesi.com\/#organization\"},\"image\":{\"@id\":\"https:\/\/kninsesi.com\/3-sezon-5-sohbet-tam-iffetli-olacagim-asli-ildir-ile-sinemada-suc-noir-ve-femme-fetale\/#primaryimage\"},\"thumbnailUrl\":\"https:\/\/kninsesi.com\/wp-content\/uploads\/2022\/05\/Asli-ildir-scaled.jpg\",\"keywords\":[\"asl\\u0131 \\u0131ld\\u0131r\",\"beril sar\\u0131altun\",\"duygu dalyano\\u011flu\",\"femme fetale\",\"film noir\",\"kn\\u0131n sesi\",\"nihal albayrak\",\"ses tiyatrosu\",\"sinema\",\"s\\u00f6yle\\u015fi\",\"su\\u00e7\"],\"articleSection\":[\"S\\u00f6yle\\u015fi\"],\"inLanguage\":\"en-US\"},{\"@type\":\"Person\",\"@id\":\"https:\/\/kninsesi.com\/#\/schema\/person\/ea805f3fd9f03cdaf3d5c975637c30ba\",\"name\":\"begum\",\"image\":{\"@type\":\"ImageObject\",\"@id\":\"https:\/\/kninsesi.com\/#personlogo\",\"inLanguage\":\"en-US\",\"url\":\"https:\/\/secure.gravatar.com\/avatar\/62fdf970c70e2903bdbf971ce7cf5944?s=96&d=mm&r=g\",\"contentUrl\":\"https:\/\/secure.gravatar.com\/avatar\/62fdf970c70e2903bdbf971ce7cf5944?s=96&d=mm&r=g\",\"caption\":\"begum\"}}]}<\/script>\n<!-- \/ Yoast SEO plugin. -->","yoast_head_json":{"title":"3. Sezon 5. Sohbet: \"Tam \u0130ffetli Olaca\u011f\u0131m...: Asl\u0131 Ild\u0131r ile Sinemada Su\u00e7, Noir ve Femme Fetale\" &middot; K&#039;n\u0131n Sesi Podcast","robots":{"index":"index","follow":"follow","max-snippet":"max-snippet:-1","max-image-preview":"max-image-preview:large","max-video-preview":"max-video-preview:-1"},"canonical":"https:\/\/kninsesi.com\/en\/3-sezon-5-sohbet-tam-iffetli-olacagim-asli-ildir-ile-sinemada-suc-noir-ve-femme-fetale\/","og_locale":"en_US","og_type":"article","og_title":"3. Sezon 5. Sohbet: \"Tam \u0130ffetli Olaca\u011f\u0131m...: Asl\u0131 Ild\u0131r ile Sinemada Su\u00e7, Noir ve Femme Fetale\" &middot; K&#039;n\u0131n Sesi Podcast","og_description":"B\u00f6l\u00fcm\u00fc Podcast Platformlar\u0131ndan Dinlemek \u0130\u00e7in: Spotify Apple Podcast Deezer Su\u00e7 temal\u0131 sezonumuzun bu b\u00f6l\u00fcm\u00fcnde su\u00e7un kurmacada nas\u0131l ele al\u0131nd\u0131\u011f\u0131n\u0131 konu\u015ftuk. Su\u00e7 temas\u0131n\u0131n edebiyatta, sinemada, televizyonda \u00fcretilen eserlere nas\u0131l ilham verdi\u011fini tart\u0131\u015f\u0131rken \u201ckad\u0131nlar ve kuirler bu i\u015fin neresinde\u201d sorusunu sorduk travisdmathews.com. Bu sorununun pe\u015finden giderken sinemay\u0131 ve televizyonu merkezimize koyduk ve konuyu sinema ele\u015ftirmeni Asl\u0131 Ild\u0131r...","og_url":"https:\/\/kninsesi.com\/en\/3-sezon-5-sohbet-tam-iffetli-olacagim-asli-ildir-ile-sinemada-suc-noir-ve-femme-fetale\/","og_site_name":"K&#039;n\u0131n Sesi Podcast","article_publisher":"https:\/\/www.facebook.com\/kninsesi","article_published_time":"2022-05-11T09:26:05+00:00","article_modified_time":"2023-06-22T12:31:48+00:00","og_image":[{"width":2560,"height":2560,"url":"https:\/\/kninsesi.com\/wp-content\/uploads\/2022\/05\/Asli-ildir-scaled.jpg","type":"image\/jpeg"}],"twitter_card":"summary_large_image","twitter_creator":"@kninsesipodcast","twitter_site":"@kninsesipodcast","twitter_misc":{"Written by":"begum","Est. reading time":"1 minute"},"schema":{"@context":"https:\/\/schema.org","@graph":[{"@type":"Organization","@id":"https:\/\/kninsesi.com\/#organization","name":"K'n\u0131n Sesi Podcast","url":"https:\/\/kninsesi.com\/","sameAs":["https:\/\/www.facebook.com\/kninsesi","https:\/\/www.instagram.com\/knin_sesi\/","https:\/\/twitter.com\/kninsesipodcast"],"logo":{"@type":"ImageObject","@id":"https:\/\/kninsesi.com\/#logo","inLanguage":"en-US","url":"https:\/\/kninsesi.com\/wp-content\/uploads\/2021\/03\/6417017-1615472975336-2920d42c19152-7-scaled.jpg","contentUrl":"https:\/\/kninsesi.com\/wp-content\/uploads\/2021\/03\/6417017-1615472975336-2920d42c19152-7-scaled.jpg","width":2560,"height":2560,"caption":"K'n\u0131n Sesi Podcast"},"image":{"@id":"https:\/\/kninsesi.com\/#logo"}},{"@type":"WebSite","@id":"https:\/\/kninsesi.com\/#website","url":"https:\/\/kninsesi.com\/","name":"K&#039;n\u0131n Sesi Podcast","description":"","publisher":{"@id":"https:\/\/kninsesi.com\/#organization"},"potentialAction":[{"@type":"SearchAction","target":{"@type":"EntryPoint","urlTemplate":"https:\/\/kninsesi.com\/?s={search_term_string}"},"query-input":"required name=search_term_string"}],"inLanguage":"en-US"},{"@type":"ImageObject","@id":"https:\/\/kninsesi.com\/3-sezon-5-sohbet-tam-iffetli-olacagim-asli-ildir-ile-sinemada-suc-noir-ve-femme-fetale\/#primaryimage","inLanguage":"en-US","url":"https:\/\/kninsesi.com\/wp-content\/uploads\/2022\/05\/Asli-ildir-scaled.jpg","contentUrl":"https:\/\/kninsesi.com\/wp-content\/uploads\/2022\/05\/Asli-ildir-scaled.jpg","width":2560,"height":2560},{"@type":"WebPage","@id":"https:\/\/kninsesi.com\/3-sezon-5-sohbet-tam-iffetli-olacagim-asli-ildir-ile-sinemada-suc-noir-ve-femme-fetale\/#webpage","url":"https:\/\/kninsesi.com\/3-sezon-5-sohbet-tam-iffetli-olacagim-asli-ildir-ile-sinemada-suc-noir-ve-femme-fetale\/","name":"3. Sezon 5. Sohbet: \"Tam \u0130ffetli Olaca\u011f\u0131m...: Asl\u0131 Ild\u0131r ile Sinemada Su\u00e7, Noir ve Femme Fetale\" &middot; K&#039;n\u0131n Sesi Podcast","isPartOf":{"@id":"https:\/\/kninsesi.com\/#website"},"primaryImageOfPage":{"@id":"https:\/\/kninsesi.com\/3-sezon-5-sohbet-tam-iffetli-olacagim-asli-ildir-ile-sinemada-suc-noir-ve-femme-fetale\/#primaryimage"},"datePublished":"2022-05-11T09:26:05+00:00","dateModified":"2023-06-22T12:31:48+00:00","breadcrumb":{"@id":"https:\/\/kninsesi.com\/3-sezon-5-sohbet-tam-iffetli-olacagim-asli-ildir-ile-sinemada-suc-noir-ve-femme-fetale\/#breadcrumb"},"inLanguage":"en-US","potentialAction":[{"@type":"ReadAction","target":["https:\/\/kninsesi.com\/3-sezon-5-sohbet-tam-iffetli-olacagim-asli-ildir-ile-sinemada-suc-noir-ve-femme-fetale\/"]}]},{"@type":"BreadcrumbList","@id":"https:\/\/kninsesi.com\/3-sezon-5-sohbet-tam-iffetli-olacagim-asli-ildir-ile-sinemada-suc-noir-ve-femme-fetale\/#breadcrumb","itemListElement":[{"@type":"ListItem","position":1,"name":"Home","item":"https:\/\/kninsesi.com\/"},{"@type":"ListItem","position":2,"name":"3. Sezon 5. Sohbet: &#8220;Tam \u0130ffetli Olaca\u011f\u0131m&#8230;: Asl\u0131 Ild\u0131r ile Sinemada Su\u00e7, Noir ve Femme Fetale&#8221;"}]},{"@type":"Article","@id":"https:\/\/kninsesi.com\/3-sezon-5-sohbet-tam-iffetli-olacagim-asli-ildir-ile-sinemada-suc-noir-ve-femme-fetale\/#article","isPartOf":{"@id":"https:\/\/kninsesi.com\/3-sezon-5-sohbet-tam-iffetli-olacagim-asli-ildir-ile-sinemada-suc-noir-ve-femme-fetale\/#webpage"},"author":{"@id":"https:\/\/kninsesi.com\/#\/schema\/person\/ea805f3fd9f03cdaf3d5c975637c30ba"},"headline":"3. Sezon 5. Sohbet: &#8220;Tam \u0130ffetli Olaca\u011f\u0131m&#8230;: Asl\u0131 Ild\u0131r ile Sinemada Su\u00e7, Noir ve Femme Fetale&#8221;","datePublished":"2022-05-11T09:26:05+00:00","dateModified":"2023-06-22T12:31:48+00:00","mainEntityOfPage":{"@id":"https:\/\/kninsesi.com\/3-sezon-5-sohbet-tam-iffetli-olacagim-asli-ildir-ile-sinemada-suc-noir-ve-femme-fetale\/#webpage"},"wordCount":272,"publisher":{"@id":"https:\/\/kninsesi.com\/#organization"},"image":{"@id":"https:\/\/kninsesi.com\/3-sezon-5-sohbet-tam-iffetli-olacagim-asli-ildir-ile-sinemada-suc-noir-ve-femme-fetale\/#primaryimage"},"thumbnailUrl":"https:\/\/kninsesi.com\/wp-content\/uploads\/2022\/05\/Asli-ildir-scaled.jpg","keywords":["asl\u0131 \u0131ld\u0131r","beril sar\u0131altun","duygu dalyano\u011flu","femme fetale","film noir","kn\u0131n sesi","nihal albayrak","ses tiyatrosu","sinema","s\u00f6yle\u015fi","su\u00e7"],"articleSection":["S\u00f6yle\u015fi"],"inLanguage":"en-US"},{"@type":"Person","@id":"https:\/\/kninsesi.com\/#\/schema\/person\/ea805f3fd9f03cdaf3d5c975637c30ba","name":"begum","image":{"@type":"ImageObject","@id":"https:\/\/kninsesi.com\/#personlogo","inLanguage":"en-US","url":"https:\/\/secure.gravatar.com\/avatar\/62fdf970c70e2903bdbf971ce7cf5944?s=96&d=mm&r=g","contentUrl":"https:\/\/secure.gravatar.com\/avatar\/62fdf970c70e2903bdbf971ce7cf5944?s=96&d=mm&r=g","caption":"begum"}}]}},"_links":{"self":[{"href":"https:\/\/kninsesi.com\/en\/wp-json\/wp\/v2\/posts\/3519"}],"collection":[{"href":"https:\/\/kninsesi.com\/en\/wp-json\/wp\/v2\/posts"}],"about":[{"href":"https:\/\/kninsesi.com\/en\/wp-json\/wp\/v2\/types\/post"}],"author":[{"embeddable":true,"href":"https:\/\/kninsesi.com\/en\/wp-json\/wp\/v2\/users\/3"}],"replies":[{"embeddable":true,"href":"https:\/\/kninsesi.com\/en\/wp-json\/wp\/v2\/comments?post=3519"}],"version-history":[{"count":31,"href":"https:\/\/kninsesi.com\/en\/wp-json\/wp\/v2\/posts\/3519\/revisions"}],"predecessor-version":[{"id":5091,"href":"https:\/\/kninsesi.com\/en\/wp-json\/wp\/v2\/posts\/3519\/revisions\/5091"}],"wp:featuredmedia":[{"embeddable":true,"href":"https:\/\/kninsesi.com\/en\/wp-json\/wp\/v2\/media\/3537"}],"wp:attachment":[{"href":"https:\/\/kninsesi.com\/en\/wp-json\/wp\/v2\/media?parent=3519"}],"wp:term":[{"taxonomy":"category","embeddable":true,"href":"https:\/\/kninsesi.com\/en\/wp-json\/wp\/v2\/categories?post=3519"},{"taxonomy":"post_tag","embeddable":true,"href":"https:\/\/kninsesi.com\/en\/wp-json\/wp\/v2\/tags?post=3519"},{"taxonomy":"series","embeddable":true,"href":"https:\/\/kninsesi.com\/en\/wp-json\/wp\/v2\/series?post=3519"}],"curies":[{"name":"wp","href":"https:\/\/api.w.org\/{rel}","templated":true}]}}