{"id":2163,"date":"2020-07-09T12:42:25","date_gmt":"2020-07-09T12:42:25","guid":{"rendered":"https:\/\/kninsesi.com\/?p=2163"},"modified":"2023-06-22T10:47:19","modified_gmt":"2023-06-22T10:47:19","slug":"kadina-yonelik-siddet-uzerine","status":"publish","type":"post","link":"https:\/\/kninsesi.com\/en\/kadina-yonelik-siddet-uzerine\/","title":{"rendered":"&#8220;Kad\u0131na Y\u00f6nelik \u015eiddet&#8221; \u00dczerine"},"content":{"rendered":"<p><iframe src=\"https:\/\/anchor.fm\/knin-sesi\/embed\/episodes\/Sohbet-3-Kadna-Ynelik-iddet-zerine-eggm8h\/a-a2ljl5h\" height=\"180px\" width=\"400px\" frameborder=\"0\" scrolling=\"no\"><\/iframe><\/p>\n<p>B\u00f6l\u00fcm\u00fc Podcast Platformlar\u0131ndan Dinlemek \u0130\u00e7in:<\/p>\n<ul>\n<li>\n\t\t\t\t\t    <a href=\"https:\/\/open.spotify.com\/episode\/0gjtn7gMULqjFflYNAHtlf?si=4Im8mNE9QRybS9X6tYrOWA\" target=\"_blank\" rel=\"noopener\"><br \/>\nSpotify                                                                                <\/a><\/li>\n<li>\n\t\t\t\t\t    <a href=\"https:\/\/podcasts.apple.com\/tr\/podcast\/sohbet-3-kad%C4%B1na-y%C3%B6nelik-%C5%9Fiddet-%C3%BCzerine\/id1519440396?i=1000483759335&amp;l=tr\" target=\"_blank\" rel=\"noopener\"><br \/>\nApple Podcast                                                                                <\/a><\/li>\n<li>\n\t\t\t\t\t    <a href=\"https:\/\/deezer.page.link\/BECznFznbRktNDUB6\" target=\"_blank\" rel=\"noopener\"><br \/>\nDeezer                                                                                <\/a><\/li>\n<\/ul>\n<p>Hacettepe \u00dcniversitesi N\u00fcfus Et\u00fctleri Enstit\u00fcs\u00fc \u00f6\u011fretim \u00fcyesi Do\u00e7. Dr. \u0130lknur Y\u00fcksel ile kad\u0131na y\u00f6nelik \u015fiddet hakk\u0131ndaki ara\u015ft\u0131rmalar\u0131 \u00fczerine konu\u015ftuk. Kad\u0131nlar\u0131n \u015fiddet g\u00f6rmesini etkileyen toplumsal fakt\u00f6rleri ve bu fakt\u00f6rlerle m\u00fccadele i\u00e7in geli\u015ftirilen sosyal politikalar\u0131n imkanlar\u0131n\u0131 ve s\u0131n\u0131rlar\u0131n\u0131 salg\u0131n d\u00f6nemine vurgu yaparak tart\u0131\u015ft\u0131k.<\/p>\n<p style=\"margin-bottom: 0px; font-stretch: normal; line-height: normal; font-family: Helvetica;\">\n<p><b>S\u00f6yle\u015fi Kapak Tasar\u0131m\u0131 ve Uygulama: <\/b>Dilek \u015eeny\u00fcrek<\/p>\n<p><b>Jenerik M\u00fczik, Ses Kurgu ve Miks:<\/b> Beril Sar\u0131altun<\/p>\n<p><b>Jenerik Seslendirme: <\/b>Feryal \u00d6ney<\/p>\n<p>*Bu s\u00f6yle\u015fi ayr\u0131 mekanlarda, uzaktan kaydedilmi\u015ftir.<\/p>\n<p>Share on facebook<br \/>\nShare on twitter<br \/>\nShare on linkedin<br \/>\nShare on whatsapp<br \/>\nShare on telegram<br \/>\nShare on email<\/p>","protected":false},"excerpt":{"rendered":"<p>B\u00f6l\u00fcm\u00fc Podcast Platformlar\u0131ndan Dinlemek \u0130\u00e7in: Spotify Apple Podcast Deezer Hacettepe \u00dcniversitesi N\u00fcfus Et\u00fctleri Enstit\u00fcs\u00fc \u00f6\u011fretim \u00fcyesi Do\u00e7. Dr. \u0130lknur Y\u00fcksel ile kad\u0131na y\u00f6nelik \u015fiddet hakk\u0131ndaki ara\u015ft\u0131rmalar\u0131 \u00fczerine konu\u015ftuk. Kad\u0131nlar\u0131n \u015fiddet g\u00f6rmesini etkileyen toplumsal fakt\u00f6rleri ve bu fakt\u00f6rlerle m\u00fccadele i\u00e7in geli\u015ftirilen sosyal politikalar\u0131n imkanlar\u0131n\u0131 ve s\u0131n\u0131rlar\u0131n\u0131 salg\u0131n d\u00f6nemine vurgu yaparak tart\u0131\u015ft\u0131k. S\u00f6yle\u015fi Kapak Tasar\u0131m\u0131 ve Uygulama:&#8230;<\/p>","protected":false},"author":1,"featured_media":1147,"comment_status":"closed","ping_status":"closed","sticky":false,"template":"elementor_header_footer","format":"standard","meta":{"episode_type":"audio","audio_file":"","cover_image":"","cover_image_id":"","duration":"","filesize":"","date_recorded":"","explicit":"","block":"","filesize_raw":""},"categories":[36],"tags":[29,60,63,62,54,26,59,51,61,50,49],"series":[],"episode_featured_image":"https:\/\/kninsesi.com\/wp-content\/uploads\/2020\/11\/C65AC453-3F49-433E-9AB9-BF3CADB135B1-scaled.jpg","episode_player_image":"https:\/\/kninsesi.com\/wp-content\/plugins\/seriously-simple-podcasting\/assets\/images\/no-album-art.png","download_link":false,"player_link":false,"audio_player":false,"episode_data":{"playerMode":"dark","subscribeUrls":{"anchor":{"key":"anchor","url":"https:\/\/anchor.fm\/knin-sesi","label":"Anchor","class":"anchor","icon":"anchor.png"},"apple_podcasts":{"key":"apple_podcasts","url":"https:\/\/podcasts.apple.com\/us\/podcast\/kn%C4%B1n-sesi\/id1519440396","label":"Apple Podcasts","class":"apple_podcasts","icon":"apple-podcasts.png"},"deezer":{"key":"deezer","url":"https:\/\/www.deezer.com\/tr\/show\/2368672","label":"Deezer","class":"deezer","icon":"deezer.png"},"google_podcasts":{"key":"google_podcasts","url":"https:\/\/podcasts.google.com\/feed\/aHR0cHM6Ly9hbmNob3IuZm0vcy8yNmQ4MmRjNC9wb2RjYXN0L3Jzcw==","label":"Google Podcasts","class":"google_podcasts","icon":"google-podcasts.png"},"rss":{"key":"rss","url":"https:\/\/anchor.fm\/s\/26d82dc4\/podcast\/rss","label":"RSS","class":"rss","icon":"rss.png"},"spotify":{"key":"spotify","url":"https:\/\/open.spotify.com\/show\/0MKneITVib6WJeCCVurWmW?si=D6BkmaR7SEC9ZThn4MHyvA","label":"Spotify","class":"spotify","icon":"spotify.png"}},"rssFeedUrl":"https:\/\/kninsesi.com\/en\/feed\/podcast","embedCode":"<blockquote class=\"wp-embedded-content\"><a href=\"https:\/\/kninsesi.com\/en\/kadina-yonelik-siddet-uzerine\/\">&#8220;Kad\u0131na Y\u00f6nelik \u015eiddet&#8221; \u00dczerine<\/a><\/blockquote>\n<script type='text\/javascript'>\n<!--\/\/--><![CDATA[\/\/><!--\n\t\t\/*! This file is auto-generated *\/\n\t\t!function(c,d){\"use strict\";var e=!1,n=!1;if(d.querySelector)if(c.addEventListener)e=!0;if(c.wp=c.wp||{},!c.wp.receiveEmbedMessage)if(c.wp.receiveEmbedMessage=function(e){var t=e.data;if(t)if(t.secret||t.message||t.value)if(!\/[^a-zA-Z0-9]\/.test(t.secret)){for(var r,a,i,s=d.querySelectorAll('iframe[data-secret=\"'+t.secret+'\"]'),n=d.querySelectorAll('blockquote[data-secret=\"'+t.secret+'\"]'),o=0;o<n.length;o++)n[o].style.display=\"none\";for(o=0;o<s.length;o++)if(r=s[o],e.source===r.contentWindow){if(r.removeAttribute(\"style\"),\"height\"===t.message){if(1e3<(i=parseInt(t.value,10)))i=1e3;else if(~~i<200)i=200;r.height=i}if(\"link\"===t.message)if(a=d.createElement(\"a\"),i=d.createElement(\"a\"),a.href=r.getAttribute(\"src\"),i.href=t.value,i.host===a.host)if(d.activeElement===r)c.top.location.href=t.value}}},e)c.addEventListener(\"message\",c.wp.receiveEmbedMessage,!1),d.addEventListener(\"DOMContentLoaded\",t,!1),c.addEventListener(\"load\",t,!1);function t(){if(!n){n=!0;for(var e,t,r=-1!==navigator.appVersion.indexOf(\"MSIE 10\"),a=!!navigator.userAgent.match(\/Trident.*rv:11\\.\/),i=d.querySelectorAll(\"iframe.wp-embedded-content\"),s=0;s<i.length;s++){if(!(e=i[s]).getAttribute(\"data-secret\"))t=Math.random().toString(36).substr(2,10),e.src+=\"#?secret=\"+t,e.setAttribute(\"data-secret\",t);if(r||a)(t=e.cloneNode(!0)).removeAttribute(\"security\"),e.parentNode.replaceChild(t,e)}}}}(window,document);\n\/\/--><!]]>\n<\/script><iframe sandbox=\"allow-scripts\" security=\"restricted\" src=\"https:\/\/kninsesi.com\/en\/kadina-yonelik-siddet-uzerine\/embed\/\" width=\"500\" height=\"350\" title=\"&#8220;&#8220;Kad\u0131na Y\u00f6nelik \u015eiddet&#8221; \u00dczerine&#8221; &#8212; K&#039;n\u0131n Sesi Podcast\" frameborder=\"0\" marginwidth=\"0\" marginheight=\"0\" scrolling=\"no\" class=\"wp-embedded-content\"><\/iframe>"},"yoast_head":"<!-- This site is optimized with the Yoast SEO plugin v17.6 - https:\/\/yoast.com\/wordpress\/plugins\/seo\/ -->\n<title>&quot;Kad\u0131na Y\u00f6nelik \u015eiddet&quot; \u00dczerine &middot; K&#039;n\u0131n Sesi Podcast<\/title>\n<meta name=\"robots\" content=\"index, follow, max-snippet:-1, max-image-preview:large, max-video-preview:-1\" \/>\n<link rel=\"canonical\" href=\"https:\/\/kninsesi.com\/en\/kadina-yonelik-siddet-uzerine\/\" \/>\n<meta property=\"og:locale\" content=\"en_US\" \/>\n<meta property=\"og:type\" content=\"article\" \/>\n<meta property=\"og:title\" content=\"&quot;Kad\u0131na Y\u00f6nelik \u015eiddet&quot; \u00dczerine &middot; K&#039;n\u0131n Sesi Podcast\" \/>\n<meta property=\"og:description\" content=\"B\u00f6l\u00fcm\u00fc Podcast Platformlar\u0131ndan Dinlemek \u0130\u00e7in: Spotify Apple Podcast Deezer Hacettepe \u00dcniversitesi N\u00fcfus Et\u00fctleri Enstit\u00fcs\u00fc \u00f6\u011fretim \u00fcyesi Do\u00e7. Dr. \u0130lknur Y\u00fcksel ile kad\u0131na y\u00f6nelik \u015fiddet hakk\u0131ndaki ara\u015ft\u0131rmalar\u0131 \u00fczerine konu\u015ftuk. Kad\u0131nlar\u0131n \u015fiddet g\u00f6rmesini etkileyen toplumsal fakt\u00f6rleri ve bu fakt\u00f6rlerle m\u00fccadele i\u00e7in geli\u015ftirilen sosyal politikalar\u0131n imkanlar\u0131n\u0131 ve s\u0131n\u0131rlar\u0131n\u0131 salg\u0131n d\u00f6nemine vurgu yaparak tart\u0131\u015ft\u0131k. S\u00f6yle\u015fi Kapak Tasar\u0131m\u0131 ve Uygulama:...\" \/>\n<meta property=\"og:url\" content=\"https:\/\/kninsesi.com\/en\/kadina-yonelik-siddet-uzerine\/\" \/>\n<meta property=\"og:site_name\" content=\"K&#039;n\u0131n Sesi Podcast\" \/>\n<meta property=\"article:publisher\" content=\"https:\/\/www.facebook.com\/kninsesi\" \/>\n<meta property=\"article:published_time\" content=\"2020-07-09T12:42:25+00:00\" \/>\n<meta property=\"article:modified_time\" content=\"2023-06-22T10:47:19+00:00\" \/>\n<meta property=\"og:image\" content=\"https:\/\/kninsesi.com\/wp-content\/uploads\/2020\/11\/C65AC453-3F49-433E-9AB9-BF3CADB135B1-scaled.jpg\" \/>\n\t<meta property=\"og:image:width\" content=\"2560\" \/>\n\t<meta property=\"og:image:height\" content=\"2560\" \/>\n<meta name=\"twitter:card\" content=\"summary_large_image\" \/>\n<meta name=\"twitter:creator\" content=\"@kninsesipodcast\" \/>\n<meta name=\"twitter:site\" content=\"@kninsesipodcast\" \/>\n<meta name=\"twitter:label1\" content=\"Written by\" \/>\n\t<meta name=\"twitter:data1\" content=\"berilsarialtun\" \/>\n\t<meta name=\"twitter:label2\" content=\"Est. reading time\" \/>\n\t<meta name=\"twitter:data2\" content=\"1 minute\" \/>\n<script type=\"application\/ld+json\" class=\"yoast-schema-graph\">{\"@context\":\"https:\/\/schema.org\",\"@graph\":[{\"@type\":\"Organization\",\"@id\":\"https:\/\/kninsesi.com\/#organization\",\"name\":\"K'n\\u0131n Sesi Podcast\",\"url\":\"https:\/\/kninsesi.com\/\",\"sameAs\":[\"https:\/\/www.facebook.com\/kninsesi\",\"https:\/\/www.instagram.com\/knin_sesi\/\",\"https:\/\/twitter.com\/kninsesipodcast\"],\"logo\":{\"@type\":\"ImageObject\",\"@id\":\"https:\/\/kninsesi.com\/#logo\",\"inLanguage\":\"en-US\",\"url\":\"https:\/\/kninsesi.com\/wp-content\/uploads\/2021\/03\/6417017-1615472975336-2920d42c19152-7-scaled.jpg\",\"contentUrl\":\"https:\/\/kninsesi.com\/wp-content\/uploads\/2021\/03\/6417017-1615472975336-2920d42c19152-7-scaled.jpg\",\"width\":2560,\"height\":2560,\"caption\":\"K'n\\u0131n Sesi Podcast\"},\"image\":{\"@id\":\"https:\/\/kninsesi.com\/#logo\"}},{\"@type\":\"WebSite\",\"@id\":\"https:\/\/kninsesi.com\/#website\",\"url\":\"https:\/\/kninsesi.com\/\",\"name\":\"K&#039;n\\u0131n Sesi Podcast\",\"description\":\"\",\"publisher\":{\"@id\":\"https:\/\/kninsesi.com\/#organization\"},\"potentialAction\":[{\"@type\":\"SearchAction\",\"target\":{\"@type\":\"EntryPoint\",\"urlTemplate\":\"https:\/\/kninsesi.com\/?s={search_term_string}\"},\"query-input\":\"required name=search_term_string\"}],\"inLanguage\":\"en-US\"},{\"@type\":\"ImageObject\",\"@id\":\"https:\/\/kninsesi.com\/kadina-yonelik-siddet-uzerine\/#primaryimage\",\"inLanguage\":\"en-US\",\"url\":\"https:\/\/kninsesi.com\/wp-content\/uploads\/2020\/11\/C65AC453-3F49-433E-9AB9-BF3CADB135B1-scaled.jpg\",\"contentUrl\":\"https:\/\/kninsesi.com\/wp-content\/uploads\/2020\/11\/C65AC453-3F49-433E-9AB9-BF3CADB135B1-scaled.jpg\",\"width\":2560,\"height\":2560},{\"@type\":\"WebPage\",\"@id\":\"https:\/\/kninsesi.com\/kadina-yonelik-siddet-uzerine\/#webpage\",\"url\":\"https:\/\/kninsesi.com\/kadina-yonelik-siddet-uzerine\/\",\"name\":\"\\\"Kad\\u0131na Y\\u00f6nelik \\u015eiddet\\\" \\u00dczerine &middot; K&#039;n\\u0131n Sesi Podcast\",\"isPartOf\":{\"@id\":\"https:\/\/kninsesi.com\/#website\"},\"primaryImageOfPage\":{\"@id\":\"https:\/\/kninsesi.com\/kadina-yonelik-siddet-uzerine\/#primaryimage\"},\"datePublished\":\"2020-07-09T12:42:25+00:00\",\"dateModified\":\"2023-06-22T10:47:19+00:00\",\"breadcrumb\":{\"@id\":\"https:\/\/kninsesi.com\/kadina-yonelik-siddet-uzerine\/#breadcrumb\"},\"inLanguage\":\"en-US\",\"potentialAction\":[{\"@type\":\"ReadAction\",\"target\":[\"https:\/\/kninsesi.com\/kadina-yonelik-siddet-uzerine\/\"]}]},{\"@type\":\"BreadcrumbList\",\"@id\":\"https:\/\/kninsesi.com\/kadina-yonelik-siddet-uzerine\/#breadcrumb\",\"itemListElement\":[{\"@type\":\"ListItem\",\"position\":1,\"name\":\"Home\",\"item\":\"https:\/\/kninsesi.com\/\"},{\"@type\":\"ListItem\",\"position\":2,\"name\":\"&#8220;Kad\\u0131na Y\\u00f6nelik \\u015eiddet&#8221; \\u00dczerine\"}]},{\"@type\":\"Article\",\"@id\":\"https:\/\/kninsesi.com\/kadina-yonelik-siddet-uzerine\/#article\",\"isPartOf\":{\"@id\":\"https:\/\/kninsesi.com\/kadina-yonelik-siddet-uzerine\/#webpage\"},\"author\":{\"@id\":\"https:\/\/kninsesi.com\/#\/schema\/person\/965057c9de29836030e56f7776973dd1\"},\"headline\":\"&#8220;Kad\\u0131na Y\\u00f6nelik \\u015eiddet&#8221; \\u00dczerine\",\"datePublished\":\"2020-07-09T12:42:25+00:00\",\"dateModified\":\"2023-06-22T10:47:19+00:00\",\"mainEntityOfPage\":{\"@id\":\"https:\/\/kninsesi.com\/kadina-yonelik-siddet-uzerine\/#webpage\"},\"wordCount\":138,\"publisher\":{\"@id\":\"https:\/\/kninsesi.com\/#organization\"},\"image\":{\"@id\":\"https:\/\/kninsesi.com\/kadina-yonelik-siddet-uzerine\/#primaryimage\"},\"thumbnailUrl\":\"https:\/\/kninsesi.com\/wp-content\/uploads\/2020\/11\/C65AC453-3F49-433E-9AB9-BF3CADB135B1-scaled.jpg\",\"keywords\":[\"duygu dalyano\\u011flu\",\"ilknur y\\u00fcksel\",\"kad\\u0131n cinayetleri\",\"kad\\u0131na y\\u00f6nelik \\u015fiddet\",\"karantina\",\"kn\\u0131n sesi\",\"korona\",\"\\u00f6zlem aslan\",\"\\u015fiddet\",\"sohbet\",\"s\\u00f6yle\\u015fi\"],\"articleSection\":[\"S\\u00f6yle\\u015fi\"],\"inLanguage\":\"en-US\"},{\"@type\":\"Person\",\"@id\":\"https:\/\/kninsesi.com\/#\/schema\/person\/965057c9de29836030e56f7776973dd1\",\"name\":\"berilsarialtun\",\"image\":{\"@type\":\"ImageObject\",\"@id\":\"https:\/\/kninsesi.com\/#personlogo\",\"inLanguage\":\"en-US\",\"url\":\"https:\/\/secure.gravatar.com\/avatar\/4b0397141265f88bd9708611aeecff88?s=96&d=mm&r=g\",\"contentUrl\":\"https:\/\/secure.gravatar.com\/avatar\/4b0397141265f88bd9708611aeecff88?s=96&d=mm&r=g\",\"caption\":\"berilsarialtun\"},\"sameAs\":[\"https:\/\/kninsesi.com\"]}]}<\/script>\n<!-- \/ Yoast SEO plugin. -->","yoast_head_json":{"title":"\"Kad\u0131na Y\u00f6nelik \u015eiddet\" \u00dczerine &middot; K&#039;n\u0131n Sesi Podcast","robots":{"index":"index","follow":"follow","max-snippet":"max-snippet:-1","max-image-preview":"max-image-preview:large","max-video-preview":"max-video-preview:-1"},"canonical":"https:\/\/kninsesi.com\/en\/kadina-yonelik-siddet-uzerine\/","og_locale":"en_US","og_type":"article","og_title":"\"Kad\u0131na Y\u00f6nelik \u015eiddet\" \u00dczerine &middot; K&#039;n\u0131n Sesi Podcast","og_description":"B\u00f6l\u00fcm\u00fc Podcast Platformlar\u0131ndan Dinlemek \u0130\u00e7in: Spotify Apple Podcast Deezer Hacettepe \u00dcniversitesi N\u00fcfus Et\u00fctleri Enstit\u00fcs\u00fc \u00f6\u011fretim \u00fcyesi Do\u00e7. Dr. \u0130lknur Y\u00fcksel ile kad\u0131na y\u00f6nelik \u015fiddet hakk\u0131ndaki ara\u015ft\u0131rmalar\u0131 \u00fczerine konu\u015ftuk. Kad\u0131nlar\u0131n \u015fiddet g\u00f6rmesini etkileyen toplumsal fakt\u00f6rleri ve bu fakt\u00f6rlerle m\u00fccadele i\u00e7in geli\u015ftirilen sosyal politikalar\u0131n imkanlar\u0131n\u0131 ve s\u0131n\u0131rlar\u0131n\u0131 salg\u0131n d\u00f6nemine vurgu yaparak tart\u0131\u015ft\u0131k. S\u00f6yle\u015fi Kapak Tasar\u0131m\u0131 ve Uygulama:...","og_url":"https:\/\/kninsesi.com\/en\/kadina-yonelik-siddet-uzerine\/","og_site_name":"K&#039;n\u0131n Sesi Podcast","article_publisher":"https:\/\/www.facebook.com\/kninsesi","article_published_time":"2020-07-09T12:42:25+00:00","article_modified_time":"2023-06-22T10:47:19+00:00","og_image":[{"width":2560,"height":2560,"url":"https:\/\/kninsesi.com\/wp-content\/uploads\/2020\/11\/C65AC453-3F49-433E-9AB9-BF3CADB135B1-scaled.jpg","type":"image\/jpeg"}],"twitter_card":"summary_large_image","twitter_creator":"@kninsesipodcast","twitter_site":"@kninsesipodcast","twitter_misc":{"Written by":"berilsarialtun","Est. reading time":"1 minute"},"schema":{"@context":"https:\/\/schema.org","@graph":[{"@type":"Organization","@id":"https:\/\/kninsesi.com\/#organization","name":"K'n\u0131n Sesi Podcast","url":"https:\/\/kninsesi.com\/","sameAs":["https:\/\/www.facebook.com\/kninsesi","https:\/\/www.instagram.com\/knin_sesi\/","https:\/\/twitter.com\/kninsesipodcast"],"logo":{"@type":"ImageObject","@id":"https:\/\/kninsesi.com\/#logo","inLanguage":"en-US","url":"https:\/\/kninsesi.com\/wp-content\/uploads\/2021\/03\/6417017-1615472975336-2920d42c19152-7-scaled.jpg","contentUrl":"https:\/\/kninsesi.com\/wp-content\/uploads\/2021\/03\/6417017-1615472975336-2920d42c19152-7-scaled.jpg","width":2560,"height":2560,"caption":"K'n\u0131n Sesi Podcast"},"image":{"@id":"https:\/\/kninsesi.com\/#logo"}},{"@type":"WebSite","@id":"https:\/\/kninsesi.com\/#website","url":"https:\/\/kninsesi.com\/","name":"K&#039;n\u0131n Sesi Podcast","description":"","publisher":{"@id":"https:\/\/kninsesi.com\/#organization"},"potentialAction":[{"@type":"SearchAction","target":{"@type":"EntryPoint","urlTemplate":"https:\/\/kninsesi.com\/?s={search_term_string}"},"query-input":"required name=search_term_string"}],"inLanguage":"en-US"},{"@type":"ImageObject","@id":"https:\/\/kninsesi.com\/kadina-yonelik-siddet-uzerine\/#primaryimage","inLanguage":"en-US","url":"https:\/\/kninsesi.com\/wp-content\/uploads\/2020\/11\/C65AC453-3F49-433E-9AB9-BF3CADB135B1-scaled.jpg","contentUrl":"https:\/\/kninsesi.com\/wp-content\/uploads\/2020\/11\/C65AC453-3F49-433E-9AB9-BF3CADB135B1-scaled.jpg","width":2560,"height":2560},{"@type":"WebPage","@id":"https:\/\/kninsesi.com\/kadina-yonelik-siddet-uzerine\/#webpage","url":"https:\/\/kninsesi.com\/kadina-yonelik-siddet-uzerine\/","name":"\"Kad\u0131na Y\u00f6nelik \u015eiddet\" \u00dczerine &middot; K&#039;n\u0131n Sesi Podcast","isPartOf":{"@id":"https:\/\/kninsesi.com\/#website"},"primaryImageOfPage":{"@id":"https:\/\/kninsesi.com\/kadina-yonelik-siddet-uzerine\/#primaryimage"},"datePublished":"2020-07-09T12:42:25+00:00","dateModified":"2023-06-22T10:47:19+00:00","breadcrumb":{"@id":"https:\/\/kninsesi.com\/kadina-yonelik-siddet-uzerine\/#breadcrumb"},"inLanguage":"en-US","potentialAction":[{"@type":"ReadAction","target":["https:\/\/kninsesi.com\/kadina-yonelik-siddet-uzerine\/"]}]},{"@type":"BreadcrumbList","@id":"https:\/\/kninsesi.com\/kadina-yonelik-siddet-uzerine\/#breadcrumb","itemListElement":[{"@type":"ListItem","position":1,"name":"Home","item":"https:\/\/kninsesi.com\/"},{"@type":"ListItem","position":2,"name":"&#8220;Kad\u0131na Y\u00f6nelik \u015eiddet&#8221; \u00dczerine"}]},{"@type":"Article","@id":"https:\/\/kninsesi.com\/kadina-yonelik-siddet-uzerine\/#article","isPartOf":{"@id":"https:\/\/kninsesi.com\/kadina-yonelik-siddet-uzerine\/#webpage"},"author":{"@id":"https:\/\/kninsesi.com\/#\/schema\/person\/965057c9de29836030e56f7776973dd1"},"headline":"&#8220;Kad\u0131na Y\u00f6nelik \u015eiddet&#8221; \u00dczerine","datePublished":"2020-07-09T12:42:25+00:00","dateModified":"2023-06-22T10:47:19+00:00","mainEntityOfPage":{"@id":"https:\/\/kninsesi.com\/kadina-yonelik-siddet-uzerine\/#webpage"},"wordCount":138,"publisher":{"@id":"https:\/\/kninsesi.com\/#organization"},"image":{"@id":"https:\/\/kninsesi.com\/kadina-yonelik-siddet-uzerine\/#primaryimage"},"thumbnailUrl":"https:\/\/kninsesi.com\/wp-content\/uploads\/2020\/11\/C65AC453-3F49-433E-9AB9-BF3CADB135B1-scaled.jpg","keywords":["duygu dalyano\u011flu","ilknur y\u00fcksel","kad\u0131n cinayetleri","kad\u0131na y\u00f6nelik \u015fiddet","karantina","kn\u0131n sesi","korona","\u00f6zlem aslan","\u015fiddet","sohbet","s\u00f6yle\u015fi"],"articleSection":["S\u00f6yle\u015fi"],"inLanguage":"en-US"},{"@type":"Person","@id":"https:\/\/kninsesi.com\/#\/schema\/person\/965057c9de29836030e56f7776973dd1","name":"berilsarialtun","image":{"@type":"ImageObject","@id":"https:\/\/kninsesi.com\/#personlogo","inLanguage":"en-US","url":"https:\/\/secure.gravatar.com\/avatar\/4b0397141265f88bd9708611aeecff88?s=96&d=mm&r=g","contentUrl":"https:\/\/secure.gravatar.com\/avatar\/4b0397141265f88bd9708611aeecff88?s=96&d=mm&r=g","caption":"berilsarialtun"},"sameAs":["https:\/\/kninsesi.com"]}]}},"_links":{"self":[{"href":"https:\/\/kninsesi.com\/en\/wp-json\/wp\/v2\/posts\/2163"}],"collection":[{"href":"https:\/\/kninsesi.com\/en\/wp-json\/wp\/v2\/posts"}],"about":[{"href":"https:\/\/kninsesi.com\/en\/wp-json\/wp\/v2\/types\/post"}],"author":[{"embeddable":true,"href":"https:\/\/kninsesi.com\/en\/wp-json\/wp\/v2\/users\/1"}],"replies":[{"embeddable":true,"href":"https:\/\/kninsesi.com\/en\/wp-json\/wp\/v2\/comments?post=2163"}],"version-history":[{"count":18,"href":"https:\/\/kninsesi.com\/en\/wp-json\/wp\/v2\/posts\/2163\/revisions"}],"predecessor-version":[{"id":5088,"href":"https:\/\/kninsesi.com\/en\/wp-json\/wp\/v2\/posts\/2163\/revisions\/5088"}],"wp:featuredmedia":[{"embeddable":true,"href":"https:\/\/kninsesi.com\/en\/wp-json\/wp\/v2\/media\/1147"}],"wp:attachment":[{"href":"https:\/\/kninsesi.com\/en\/wp-json\/wp\/v2\/media?parent=2163"}],"wp:term":[{"taxonomy":"category","embeddable":true,"href":"https:\/\/kninsesi.com\/en\/wp-json\/wp\/v2\/categories?post=2163"},{"taxonomy":"post_tag","embeddable":true,"href":"https:\/\/kninsesi.com\/en\/wp-json\/wp\/v2\/tags?post=2163"},{"taxonomy":"series","embeddable":true,"href":"https:\/\/kninsesi.com\/en\/wp-json\/wp\/v2\/series?post=2163"}],"curies":[{"name":"wp","href":"https:\/\/api.w.org\/{rel}","templated":true}]}}